{"id":6230,"date":"2024-02-19T11:10:06","date_gmt":"2024-02-19T11:10:06","guid":{"rendered":"https:\/\/guerilla.pt\/screen\/?p=6230"},"modified":"2024-10-03T21:02:36","modified_gmt":"2024-10-03T21:02:36","slug":"premio-apa-2023","status":"publish","type":"post","link":"https:\/\/screenhealth.uc.pt\/pt\/premio-apa-2023\/","title":{"rendered":"Investigadora respons\u00e1vel do projeto SCREENHEALTH recebeu o Pr\u00e9mio APA 2023"},"content":{"rendered":"<div id=\"fws_69f15b50709f6\"  data-column-margin=\"default\" data-midnight=\"dark\"  class=\"wpb_row vc_row-fluid vc_row\"  style=\"padding-top: 0px; padding-bottom: 0px; \"><div class=\"row-bg-wrap\" data-bg-animation=\"none\" data-bg-animation-delay=\"\" data-bg-overlay=\"false\"><div class=\"inner-wrap row-bg-layer\" ><div class=\"row-bg viewport-desktop\"  style=\"\"><\/div><\/div><\/div><div class=\"row_col_wrap_12 col span_12 dark left\">\n\t<div  class=\"vc_col-sm-12 wpb_column column_container vc_column_container col no-extra-padding inherit_tablet inherit_phone\"  data-padding-pos=\"all\" data-has-bg-color=\"false\" data-bg-color=\"\" data-bg-opacity=\"1\" data-animation=\"\" data-delay=\"0\" >\n\t\t<div class=\"vc_column-inner\" >\n\t\t\t<div class=\"wpb_wrapper\">\n\t\t\t\t\n<div class=\"wpb_text_column wpb_content_element\" >\n\t<div class=\"wpb_wrapper\">\n\t\t<p><span class=\"HwtZe\" lang=\"en\"><span class=\"jCAhz ChMk0b\"><span class=\"ryNqvb\">Daniela Rodrigues (CIAS, DCV, Universidade de Coimbra), investigadora respons\u00e1vel do projeto \u201dScreen Media Use Trajectories, Inequalities, and Long-Term Effects on Children\u2019s Obesity and Mental Health (SCREENHEALTH)\u201d, recebeu o Pr\u00e9mio APA 2023 na categoria \u201cProjetos de Interven\u00e7\u00e3o\/Investiga\u00e7\u00e3o Aplicada\u201d.<\/span><\/span> <span class=\"jCAhz ChMk0b\"><span class=\"ryNqvb\">O pr\u00e9mio reconhece a import\u00e2ncia do projeto acima mencionado para a investiga\u00e7\u00e3o em Antropologia e Sa\u00fade em Portugal.<\/span><\/span> <span class=\"jCAhz ChMk0b\"><span class=\"ryNqvb\">A entrega do pr\u00e9mio decorreu no Museu Nacional de Hist\u00f3ria Natural e da Ci\u00eancia, em Lisboa, no \u201cDia Mundial da Antropologia &amp; Jornadas da Antropologia Europeia\u201d.<\/span><\/span><\/span><\/p>\n\t<\/div>\n<\/div>\n\n\n\n\n\t\t\t<\/div> \n\t\t<\/div>\n\t<\/div> \n<\/div><\/div>\n\t\t<div id=\"fws_69f15b5071d23\"  data-column-margin=\"default\" data-midnight=\"dark\"  class=\"wpb_row vc_row-fluid vc_row\"  style=\"padding-top: 0px; padding-bottom: 0px; \"><div class=\"row-bg-wrap\" data-bg-animation=\"none\" data-bg-animation-delay=\"\" data-bg-overlay=\"false\"><div class=\"inner-wrap row-bg-layer\" ><div class=\"row-bg viewport-desktop\"  style=\"\"><\/div><\/div><\/div><div class=\"row_col_wrap_12 col span_12 dark left\">\n\t<div style=\"margin-top: 40px; \" class=\"vc_col-sm-12 wpb_column column_container vc_column_container col no-extra-padding inherit_tablet inherit_phone\"  data-padding-pos=\"all\" data-has-bg-color=\"false\" data-bg-color=\"\" data-bg-opacity=\"1\" data-animation=\"\" data-delay=\"0\" >\n\t\t<div class=\"vc_column-inner\" >\n\t\t\t<div class=\"wpb_wrapper\">\n\t\t\t\t<div class=\"img-with-aniamtion-wrap center\" data-max-width=\"100%\" data-max-width-mobile=\"default\" data-shadow=\"none\" data-animation=\"none\" >\n      <div class=\"inner\">\n        <div class=\"hover-wrap\"> \n          <div class=\"hover-wrap-inner\">\n            <img loading=\"lazy\" decoding=\"async\" class=\"img-with-animation skip-lazy\" data-delay=\"0\" height=\"1365\" width=\"2048\" data-animation=\"none\" src=\"https:\/\/screenhealth.uc.pt\/wp-content\/uploads\/2024\/03\/Premio-APA-2023.jpg\" alt=\"\" srcset=\"https:\/\/screenhealth.uc.pt\/wp-content\/uploads\/2024\/03\/Premio-APA-2023.jpg 2048w, https:\/\/screenhealth.uc.pt\/wp-content\/uploads\/2024\/03\/Premio-APA-2023-300x200.jpg 300w, https:\/\/screenhealth.uc.pt\/wp-content\/uploads\/2024\/03\/Premio-APA-2023-1024x683.jpg 1024w, https:\/\/screenhealth.uc.pt\/wp-content\/uploads\/2024\/03\/Premio-APA-2023-768x512.jpg 768w, https:\/\/screenhealth.uc.pt\/wp-content\/uploads\/2024\/03\/Premio-APA-2023-1536x1024.jpg 1536w, https:\/\/screenhealth.uc.pt\/wp-content\/uploads\/2024\/03\/Premio-APA-2023-900x600.jpg 900w\" sizes=\"auto, (max-width: 2048px) 100vw, 2048px\" \/>\n          <\/div>\n        <\/div>\n      <\/div>\n    <\/div>\n\t\t\t<\/div> \n\t\t<\/div>\n\t<\/div> \n<\/div><\/div>","protected":false},"excerpt":{"rendered":"Daniela Rodrigues (CIAS, DCV, University of Coimbra), researcher responsible for the project \u201cScreen Media Use Trajectories, Inequalities, and Long-Term Effects on Children\u2019s Obesity and Mental Health (SCREENHEALTH)\u201d, received the APA...","protected":false},"author":1,"featured_media":6320,"comment_status":"open","ping_status":"open","sticky":false,"template":"","format":"standard","meta":{"footnotes":""},"categories":[24],"tags":[],"class_list":{"0":"post-6230","1":"post","2":"type-post","3":"status-publish","4":"format-standard","5":"has-post-thumbnail","7":"category-news"},"_links":{"self":[{"href":"https:\/\/screenhealth.uc.pt\/pt\/wp-json\/wp\/v2\/posts\/6230","targetHints":{"allow":["GET"]}}],"collection":[{"href":"https:\/\/screenhealth.uc.pt\/pt\/wp-json\/wp\/v2\/posts"}],"about":[{"href":"https:\/\/screenhealth.uc.pt\/pt\/wp-json\/wp\/v2\/types\/post"}],"author":[{"embeddable":true,"href":"https:\/\/screenhealth.uc.pt\/pt\/wp-json\/wp\/v2\/users\/1"}],"replies":[{"embeddable":true,"href":"https:\/\/screenhealth.uc.pt\/pt\/wp-json\/wp\/v2\/comments?post=6230"}],"version-history":[{"count":7,"href":"https:\/\/screenhealth.uc.pt\/pt\/wp-json\/wp\/v2\/posts\/6230\/revisions"}],"predecessor-version":[{"id":6381,"href":"https:\/\/screenhealth.uc.pt\/pt\/wp-json\/wp\/v2\/posts\/6230\/revisions\/6381"}],"wp:featuredmedia":[{"embeddable":true,"href":"https:\/\/screenhealth.uc.pt\/pt\/wp-json\/wp\/v2\/media\/6320"}],"wp:attachment":[{"href":"https:\/\/screenhealth.uc.pt\/pt\/wp-json\/wp\/v2\/media?parent=6230"}],"wp:term":[{"taxonomy":"category","embeddable":true,"href":"https:\/\/screenhealth.uc.pt\/pt\/wp-json\/wp\/v2\/categories?post=6230"},{"taxonomy":"post_tag","embeddable":true,"href":"https:\/\/screenhealth.uc.pt\/pt\/wp-json\/wp\/v2\/tags?post=6230"}],"curies":[{"name":"wp","href":"https:\/\/api.w.org\/{rel}","templated":true}]}}